{"id":3017,"date":"2024-10-10T12:21:10","date_gmt":"2024-10-10T17:21:10","guid":{"rendered":"https:\/\/zidrave.net\/?p=3017"},"modified":"2024-10-10T12:21:11","modified_gmt":"2024-10-10T17:21:11","slug":"problema-en-outlook-deja-a-medio-mundo-sin-acceso-a-sus-correos","status":"publish","type":"post","link":"https:\/\/zidrave.net\/index.php\/2024\/10\/10\/problema-en-outlook-deja-a-medio-mundo-sin-acceso-a-sus-correos\/","title":{"rendered":"Problema en Outlook deja a medio mundo sin acceso a sus correos"},"content":{"rendered":"\n<p>Microsoft se encuentra investigando un error cr\u00edtico en su cliente de correo electr\u00f3nico Outlook que ha generado fallas en la aplicaci\u00f3n de escritorio, un alto consumo de recursos del sistema y dificultades para que los usuarios inicien sesi\u00f3n en sus cuentas. Si bien inicialmente la compa\u00f1\u00eda afirm\u00f3 que este problema solo afectaba a clientes en Europa, numerosos usuarios de todo el mundo han reportado los mismos problemas, incluyendo inestabilidad en la aplicaci\u00f3n y fallos al intentar acceder a sus correos.<\/p>\n\n\n\n<figure class=\"wp-block-image aligncenter size-full\"><img loading=\"lazy\" decoding=\"async\" width=\"650\" height=\"433\" src=\"https:\/\/zidrave.net\/wp-content\/uploads\/2024\/09\/image-57.png\" alt=\"\" class=\"wp-image-2569\" srcset=\"https:\/\/zidrave.net\/wp-content\/uploads\/2024\/09\/image-57.png 650w, https:\/\/zidrave.net\/wp-content\/uploads\/2024\/09\/image-57-300x200.png 300w, https:\/\/zidrave.net\/wp-content\/uploads\/2024\/09\/image-57-507x338.png 507w\" sizes=\"auto, (max-width: 650px) 100vw, 650px\" \/><\/figure>\n\n\n\n<p>El problema ha generado que el cliente de Outlook presente un uso excesivo de la memoria, lo que ha llevado a que muchos usuarios reciban alertas que les aconsejan reiniciar sus sistemas. Adem\u00e1s, algunos usuarios han experimentado congelamientos o bloqueos de la aplicaci\u00f3n al intentar acceder a la versi\u00f3n web de Outlook (OWA). Estos inconvenientes tambi\u00e9n est\u00e1n afectando la capacidad de iniciar sesi\u00f3n en otros servicios de la suite Microsoft 365.<\/p>\n\n\n\n<p>En un comunicado, Microsoft explic\u00f3: \u201cEstamos investigando un problema en el que los usuarios en Europa pueden estar experimentando fallas, no recibir correos electr\u00f3nicos o observar un alto uso de memoria al usar el cliente Outlook\u201d. Adem\u00e1s, la compa\u00f1\u00eda a\u00f1adi\u00f3 que est\u00e1n revisando los datos de telemetr\u00eda del servicio y tratando de reproducir el problema en sus sistemas para desarrollar una soluci\u00f3n que mitigue el impacto en los usuarios.<\/p>\n\n\n\n<h3 class=\"wp-block-heading\">Fallas extendidas a otros servicios de Microsoft 365<\/h3>\n\n\n\n<p>El error de Outlook no solo est\u00e1 limitado a la aplicaci\u00f3n de escritorio. Seg\u00fan varios informes, los problemas tambi\u00e9n afectan a Outlook en la web (OWA), donde algunos usuarios en los Estados Unidos y otros pa\u00edses han se\u00f1alado que la aplicaci\u00f3n se congela y no carga adecuadamente. Microsoft confirm\u00f3 que el error est\u00e1 siendo investigado por su equipo, quien tambi\u00e9n est\u00e1 analizando si afecta a otros servicios en la plataforma Microsoft 365.<\/p>\n\n\n\n<p>En el centro de administraci\u00f3n de Microsoft, el incidente ha sido registrado con el c\u00f3digo MO907654, y la empresa est\u00e1 enfocada en estudiar la telemetr\u00eda, especialmente los datos de red y autenticaci\u00f3n procedentes de los Pa\u00edses Bajos, un \u00e1rea donde el problema parece ser m\u00e1s notorio. La compa\u00f1\u00eda expres\u00f3 su preocupaci\u00f3n sobre el impacto potencial en otros servicios de su ecosistema.<\/p>\n\n\n\n<h3 class=\"wp-block-heading\">Posible problema de administraci\u00f3n de memoria<\/h3>\n\n\n\n<p>Uno de los factores que Microsoft est\u00e1 investigando es un posible error de gesti\u00f3n de memoria que podr\u00eda ser responsable de estos problemas. A trav\u00e9s de su cuenta oficial de Twitter, Microsoft 365 Status, la compa\u00f1\u00eda inform\u00f3: \u201cEstamos obteniendo volcados de memoria y registros de los datos de telemetr\u00eda del cliente Outlook para analizarlos y determinar nuestros pr\u00f3ximos pasos\u201d.<\/p>\n\n\n\n<p>Este tipo de an\u00e1lisis permitir\u00e1 a la empresa desarrollar una soluci\u00f3n m\u00e1s efectiva para los usuarios que se ven afectados tanto en Europa como en otras regiones.<\/p>\n\n\n\n<h3 class=\"wp-block-heading\">Impacto a nivel global y antecedentes<\/h3>\n\n\n\n<p>Aunque inicialmente los informes se centraban en Europa, usuarios en Norteam\u00e9rica y Am\u00e9rica Latina tambi\u00e9n han se\u00f1alado problemas similares. En particular, muchos reportan que las advertencias sobre el uso excesivo de memoria aparecen sin previo aviso, lo que interrumpe el funcionamiento normal del cliente Outlook. Este tipo de interrupciones recuerdan un incidente previo en agosto de 2024, cuando una falla en Azure dej\u00f3 fuera de servicio m\u00faltiples servicios de Microsoft durante m\u00e1s de dos horas, afectando a clientes de Am\u00e9rica del Norte y Am\u00e9rica Latina.<\/p>\n\n\n\n<p>Microsoft ha sido proactiva al mantener a los usuarios informados a trav\u00e9s de su canal oficial de Twitter y otras plataformas, prometiendo actualizaciones continuas sobre los avances en la investigaci\u00f3n y posibles soluciones al problema.<\/p>\n\n\n\n<h3 class=\"wp-block-heading\">Medidas en curso<\/h3>\n\n\n\n<p>A medida que el equipo de Redmond avanza en su an\u00e1lisis, los usuarios afectados se enfrentan a inestabilidad en sus aplicaciones de correo electr\u00f3nico, dificultando tanto la recepci\u00f3n como el env\u00edo de correos. Mientras tanto, Microsoft contin\u00faa recogiendo datos de telemetr\u00eda y volcados de memoria que permitan identificar la causa ra\u00edz del problema y desarrollar parches o actualizaciones que puedan resolver el inconveniente en el menor tiempo posible.<\/p>\n\n\n\n<p>El equipo t\u00e9cnico de Microsoft se ha comprometido a mantener informados a los usuarios sobre los avances de esta investigaci\u00f3n, y los administradores de sistemas esperan una resoluci\u00f3n que mitigue el impacto en sus operaciones diarias. Este incidente, aunque grave, forma parte de los retos que enfrenta la compa\u00f1\u00eda en su esfuerzo por mantener la estabilidad y la calidad de sus productos a nivel global.<\/p>\n\n\n\n<h3 class=\"wp-block-heading\">Conclusi\u00f3n<\/h3>\n\n\n\n<p>El error que afecta a Outlook y Microsoft 365 ha generado interrupciones significativas en los inicios de sesi\u00f3n y en el funcionamiento normal del cliente de correo electr\u00f3nico, tanto en su versi\u00f3n de escritorio como en la web. Aunque Microsoft est\u00e1 investigando el problema y trabajando para desarrollar una soluci\u00f3n, la magnitud del impacto global sigue siendo motivo de preocupaci\u00f3n. Usuarios y administradores de sistemas de todo el mundo esperan que se implemente una correcci\u00f3n definitiva lo antes posible para restaurar la funcionalidad completa de los servicios de Microsoft 365.<\/p>\n","protected":false},"excerpt":{"rendered":"<p>Microsoft se encuentra investigando un error cr\u00edtico en su cliente<\/p>\n","protected":false},"author":1,"featured_media":0,"comment_status":"open","ping_status":"open","sticky":false,"template":"","format":"standard","meta":{"ngg_post_thumbnail":0,"footnotes":""},"categories":[2377,2375,3423,3619],"tags":[7639,7636,7645,7640,7638,7166,7652,7644,7651,7642,6072,7646,7641,7637,7647,7648,7643,7650,7649,2644],"class_list":["post-3017","post","type-post","status-publish","format-standard","hentry","category-ciberseguridad","category-internet","category-sociedad","category-web","tag-alto-consumo-de-recursos","tag-aplicacion-de-escritorio","tag-bloqueos-de-sesion","tag-errores-globales","tag-fallo-de-autenticacion","tag-gestion-de-memoria","tag-impacto-en-otros-servicios","tag-incidentes-mo907654","tag-interrupciones-globales","tag-investigacion-de-microsoft","tag-microsoft-365","tag-outlook","tag-owa","tag-problemas-de-red","tag-redmond","tag-servicios-en-europa","tag-telemetria","tag-telemetria-del-servicio","tag-uso-de-memoria","tag-usuarios-afectados"],"_links":{"self":[{"href":"https:\/\/zidrave.net\/index.php\/wp-json\/wp\/v2\/posts\/3017","targetHints":{"allow":["GET"]}}],"collection":[{"href":"https:\/\/zidrave.net\/index.php\/wp-json\/wp\/v2\/posts"}],"about":[{"href":"https:\/\/zidrave.net\/index.php\/wp-json\/wp\/v2\/types\/post"}],"author":[{"embeddable":true,"href":"https:\/\/zidrave.net\/index.php\/wp-json\/wp\/v2\/users\/1"}],"replies":[{"embeddable":true,"href":"https:\/\/zidrave.net\/index.php\/wp-json\/wp\/v2\/comments?post=3017"}],"version-history":[{"count":1,"href":"https:\/\/zidrave.net\/index.php\/wp-json\/wp\/v2\/posts\/3017\/revisions"}],"predecessor-version":[{"id":3018,"href":"https:\/\/zidrave.net\/index.php\/wp-json\/wp\/v2\/posts\/3017\/revisions\/3018"}],"wp:attachment":[{"href":"https:\/\/zidrave.net\/index.php\/wp-json\/wp\/v2\/media?parent=3017"}],"wp:term":[{"taxonomy":"category","embeddable":true,"href":"https:\/\/zidrave.net\/index.php\/wp-json\/wp\/v2\/categories?post=3017"},{"taxonomy":"post_tag","embeddable":true,"href":"https:\/\/zidrave.net\/index.php\/wp-json\/wp\/v2\/tags?post=3017"}],"curies":[{"name":"wp","href":"https:\/\/api.w.org\/{rel}","templated":true}]}}