{"id":2576,"date":"2024-09-19T18:26:50","date_gmt":"2024-09-19T23:26:50","guid":{"rendered":"https:\/\/zidrave.net\/?p=2576"},"modified":"2024-09-19T18:26:51","modified_gmt":"2024-09-19T23:26:51","slug":"el-gobierno-brasileno-y-su-absurda-guerra-contra-la-libertad-de-expresion","status":"publish","type":"post","link":"https:\/\/zidrave.net\/index.php\/2024\/09\/19\/el-gobierno-brasileno-y-su-absurda-guerra-contra-la-libertad-de-expresion\/","title":{"rendered":"El gobierno brasile\u00f1o y su absurda guerra contra la libertad de expresi\u00f3n"},"content":{"rendered":"\n<p>En los \u00faltimos d\u00edas, hemos sido testigos de un episodio lamentable que revela el lado m\u00e1s oscuro y autoritario del gobierno brasile\u00f1o. \u00bfQu\u00e9 diablos est\u00e1 pasando en Brasil? \u00bfC\u00f3mo es posible que en pleno siglo XXI un gobierno, que se jacta de ser democr\u00e1tico, est\u00e9 intentando <strong>censurar<\/strong> un medio de comunicaci\u00f3n como <strong>X.com<\/strong>? El pa\u00eds parece estar coqueteando peligrosamente con las pr\u00e1cticas dictatoriales que solemos asociar a reg\u00edmenes opresivos como los de Cuba o Venezuela.<\/p>\n\n\n\n<figure class=\"wp-block-image size-large\"><img loading=\"lazy\" decoding=\"async\" width=\"1024\" height=\"538\" src=\"https:\/\/zidrave.net\/wp-content\/uploads\/2024\/08\/image-179-1024x538.png\" alt=\"\" class=\"wp-image-1824\" srcset=\"https:\/\/zidrave.net\/wp-content\/uploads\/2024\/08\/image-179-1024x538.png 1024w, https:\/\/zidrave.net\/wp-content\/uploads\/2024\/08\/image-179-300x158.png 300w, https:\/\/zidrave.net\/wp-content\/uploads\/2024\/08\/image-179-768x403.png 768w, https:\/\/zidrave.net\/wp-content\/uploads\/2024\/08\/image-179.png 1200w\" sizes=\"auto, (max-width: 1024px) 100vw, 1024px\" \/><\/figure>\n\n\n\n<p>Brasil, una naci\u00f3n que deber\u00eda ser un referente de democracia en Am\u00e9rica Latina, ha decidido arremeter contra <strong>X.com<\/strong>, la plataforma dirigida por Elon Musk. Lo que deber\u00eda ser un espacio de libre expresi\u00f3n y debate se ha convertido en un blanco f\u00e1cil para los bur\u00f3cratas que no soportan las cr\u00edticas ni las voces disidentes. En lugar de defender el derecho de sus ciudadanos a expresarse, el gobierno ha preferido bloquear el acceso a la plataforma. \u00a1Rid\u00edculo!<\/p>\n\n\n\n<hr class=\"wp-block-separator has-alpha-channel-opacity\"\/>\n\n\n\n<h3 class=\"wp-block-heading\">El absurdo de la censura: \u00bfA d\u00f3nde va Brasil?<\/h3>\n\n\n\n<p>Este <strong>af\u00e1n rid\u00edculo por censurar<\/strong> X.com es un s\u00edntoma alarmante de un gobierno que parece haber perdido el rumbo. En lugar de preocuparse por problemas reales que afectan a los brasile\u00f1os \u2014como la pobreza, la corrupci\u00f3n y la inseguridad\u2014, las autoridades han decidido concentrar sus esfuerzos en <strong>silenciar a la oposici\u00f3n<\/strong> y <strong>controlar la narrativa<\/strong>.<\/p>\n\n\n\n<p>\u00bfAcaso estamos en una dictadura? No lo digo a la ligera, pero este tipo de acciones recuerda demasiado a lo que ocurre en pa\u00edses con reg\u00edmenes autoritarios, donde los gobiernos controlan la informaci\u00f3n y reprimen cualquier cr\u00edtica. <strong>\u00bfD\u00f3nde qued\u00f3 la libertad de expresi\u00f3n?<\/strong> La censura de X.com est\u00e1 rozando el nivel de control medi\u00e1tico que vemos en reg\u00edmenes como el de Cuba y Venezuela. Y eso deber\u00eda preocuparnos a todos.<\/p>\n\n\n\n<hr class=\"wp-block-separator has-alpha-channel-opacity\"\/>\n\n\n\n<h3 class=\"wp-block-heading\">X.com: Un medio de comunicaci\u00f3n inc\u00f3modo para el gobierno<\/h3>\n\n\n\n<p>El problema de fondo es claro: <strong>X.com<\/strong> se ha convertido en un espacio donde las voces cr\u00edticas al gobierno tienen la libertad de expresarse. Los ciudadanos han encontrado en esta plataforma una herramienta para hablar sin miedo de represalias, un lugar donde se denuncian los abusos y se cuestiona el poder.<\/p>\n\n\n\n<p>Pero en lugar de celebrar que la sociedad est\u00e9 utilizando su voz para mejorar el pa\u00eds, el gobierno brasile\u00f1o ha decidido <strong>cerrar filas<\/strong> y atacar el mensajero. \u00a1Qu\u00e9 verg\u00fcenza! Bloquear X.com no solo es un atentado contra la libertad de expresi\u00f3n, sino tambi\u00e9n una demostraci\u00f3n de c\u00f3mo el poder pol\u00edtico se puede utilizar para aplastar el debate.<\/p>\n\n\n\n<hr class=\"wp-block-separator has-alpha-channel-opacity\"\/>\n\n\n\n<h3 class=\"wp-block-heading\">\u00bfQu\u00e9 sigue? \u00bfM\u00e1s censura?<\/h3>\n\n\n\n<p>Hoy es X.com, pero ma\u00f1ana podr\u00eda ser cualquier otro medio. Hoy intentan silenciar a una plataforma global, pero <strong>\u00bfqu\u00e9 pasar\u00e1 con los medios de comunicaci\u00f3n locales?<\/strong> Si el gobierno brasile\u00f1o sigue por este camino, no estamos lejos de ver m\u00e1s y m\u00e1s restricciones a la prensa y al periodismo independiente.<\/p>\n\n\n\n<p>No hay que olvidar que este tipo de censura es solo el principio de algo mucho m\u00e1s siniestro. <strong>Cuando un gobierno empieza a bloquear informaci\u00f3n<\/strong>, lo hace porque teme perder el control. Cuando se restringe el acceso a medios de comunicaci\u00f3n o plataformas digitales, no solo se est\u00e1 limitando el derecho de los ciudadanos a expresarse, sino que tambi\u00e9n se est\u00e1 impidiendo que la verdad salga a la luz.<\/p>\n\n\n\n<hr class=\"wp-block-separator has-alpha-channel-opacity\"\/>\n\n\n\n<h3 class=\"wp-block-heading\">La comparaci\u00f3n con dictaduras no es descabellada<\/h3>\n\n\n\n<p>Es inevitable que pensemos en otros pa\u00edses de la regi\u00f3n que han seguido este mismo camino. <strong>Cuba<\/strong> y <strong>Venezuela<\/strong> son ejemplos cl\u00e1sicos de gobiernos que han utilizado la censura para mantenerse en el poder, eliminando cualquier posibilidad de disidencia. Y ahora vemos que Brasil podr\u00eda estar siguiendo sus pasos.<\/p>\n\n\n\n<p>Cuando un gobierno tiene miedo de la informaci\u00f3n, y necesita recurrir a bloquear plataformas, est\u00e1 entrando en una zona peligrosa. <strong>La libertad de expresi\u00f3n<\/strong> es uno de los pilares fundamentales de cualquier democracia, y <strong>el intento de silenciarla nos lleva a escenarios que hemos visto en las peores dictaduras<\/strong>.<\/p>\n\n\n\n<hr class=\"wp-block-separator has-alpha-channel-opacity\"\/>\n\n\n\n<h3 class=\"wp-block-heading\">Un llamado a la resistencia<\/h3>\n\n\n\n<p>Es el momento de que los ciudadanos brasile\u00f1os, y el mundo entero, se den cuenta de lo que est\u00e1 en juego aqu\u00ed. Si permitimos que el gobierno de Brasil siga por este camino, \u00bfqu\u00e9 nos garantiza que no intentar\u00e1n <strong>bloquear otras plataformas<\/strong> o <strong>medios de comunicaci\u00f3n<\/strong>? Esta no es una lucha solo por X.com, es una lucha por la libertad de expresi\u00f3n de todos.<\/p>\n\n\n\n<p>El gobierno debe entender que <strong>la censura nunca es la respuesta<\/strong>. Brasil deber\u00eda estar liderando el debate sobre c\u00f3mo garantizar una sociedad m\u00e1s libre y abierta, no limitando los derechos de sus ciudadanos. Es inadmisible que en una naci\u00f3n que se enorgullece de su democracia, se est\u00e9n tomando decisiones que nos recuerdan a los reg\u00edmenes m\u00e1s oscuros de la regi\u00f3n.<\/p>\n\n\n\n<hr class=\"wp-block-separator has-alpha-channel-opacity\"\/>\n\n\n\n<h3 class=\"wp-block-heading\">Conclusi\u00f3n: \u00a1Basta de censura!<\/h3>\n\n\n\n<p>No podemos permitir que Brasil siga este rumbo. <strong>X.com<\/strong> es solo el comienzo de un intento m\u00e1s amplio de <strong>controlar la narrativa<\/strong> y <strong>silenciar la oposici\u00f3n<\/strong>. El gobierno brasile\u00f1o est\u00e1 jugando con fuego, y el precio a pagar podr\u00eda ser la libertad misma.<\/p>\n\n\n\n<p>Es hora de alzar la voz y decir claramente: \u00a1Basta de censura! Si permitimos que se siga bloqueando el acceso a plataformas como X.com, estaremos allanando el camino hacia un futuro sombr\u00edo, donde el control totalitario sobre la informaci\u00f3n sea la norma. <strong>La libertad de expresi\u00f3n debe ser defendida a toda costa, en Brasil y en cualquier parte del mundo.<\/strong><\/p>\n","protected":false},"excerpt":{"rendered":"<p>En los \u00faltimos d\u00edas, hemos sido testigos de un episodio<\/p>\n","protected":false},"author":1,"featured_media":0,"comment_status":"open","ping_status":"open","sticky":false,"template":"","format":"standard","meta":{"ngg_post_thumbnail":0,"footnotes":""},"categories":[2378,3423],"tags":[6333,6330,2732,452,6335,2319,6336,6331,712,422,6332,6334,2470,6329,1662,2024,6337,1369,2836,6328],"class_list":["post-2576","post","type-post","status-publish","format-standard","hentry","category-redes-sociales","category-sociedad","tag-autoritarismo","tag-bloqueo-digital","tag-brasil","tag-censura","tag-censura-gubernamental","tag-control-de-informacion","tag-control-de-la-narrativa","tag-cuba","tag-democracia","tag-derechos-digitales","tag-dictadura","tag-disidencia","tag-elon-musk","tag-gobierno-brasileno","tag-libertad-de-expresion","tag-medios-de-comunicacion","tag-medios-independientes","tag-plataformas-digitales","tag-venezuela","tag-x-com"],"_links":{"self":[{"href":"https:\/\/zidrave.net\/index.php\/wp-json\/wp\/v2\/posts\/2576","targetHints":{"allow":["GET"]}}],"collection":[{"href":"https:\/\/zidrave.net\/index.php\/wp-json\/wp\/v2\/posts"}],"about":[{"href":"https:\/\/zidrave.net\/index.php\/wp-json\/wp\/v2\/types\/post"}],"author":[{"embeddable":true,"href":"https:\/\/zidrave.net\/index.php\/wp-json\/wp\/v2\/users\/1"}],"replies":[{"embeddable":true,"href":"https:\/\/zidrave.net\/index.php\/wp-json\/wp\/v2\/comments?post=2576"}],"version-history":[{"count":1,"href":"https:\/\/zidrave.net\/index.php\/wp-json\/wp\/v2\/posts\/2576\/revisions"}],"predecessor-version":[{"id":2577,"href":"https:\/\/zidrave.net\/index.php\/wp-json\/wp\/v2\/posts\/2576\/revisions\/2577"}],"wp:attachment":[{"href":"https:\/\/zidrave.net\/index.php\/wp-json\/wp\/v2\/media?parent=2576"}],"wp:term":[{"taxonomy":"category","embeddable":true,"href":"https:\/\/zidrave.net\/index.php\/wp-json\/wp\/v2\/categories?post=2576"},{"taxonomy":"post_tag","embeddable":true,"href":"https:\/\/zidrave.net\/index.php\/wp-json\/wp\/v2\/tags?post=2576"}],"curies":[{"name":"wp","href":"https:\/\/api.w.org\/{rel}","templated":true}]}}