{"id":2348,"date":"2024-09-10T14:49:19","date_gmt":"2024-09-10T19:49:19","guid":{"rendered":"https:\/\/zidrave.net\/?p=2348"},"modified":"2024-09-10T14:49:19","modified_gmt":"2024-09-10T19:49:19","slug":"misteriosa-muerte-de-frank-suarez-poco-antes-de-publicar-su-libro-la-cura-del-cancer-suicidio-o-asesinato","status":"publish","type":"post","link":"https:\/\/zidrave.net\/index.php\/2024\/09\/10\/misteriosa-muerte-de-frank-suarez-poco-antes-de-publicar-su-libro-la-cura-del-cancer-suicidio-o-asesinato\/","title":{"rendered":"Misteriosa muerte de Frank Su\u00e1rez poco antes de publicar su libro \u00abLa Cura del Cancer\u00bb. \u00bfSuicidio o asesinato?"},"content":{"rendered":"\n<p>Frank Su\u00e1rez, reconocido especialista en sobrepeso y metabolismo, dej\u00f3 un legado profundo en el campo de la salud y el bienestar. Su enfoque integral sobre la p\u00e9rdida de peso y el metabolismo le permiti\u00f3 ayudar a miles de personas a mejorar su calidad de vida. No obstante, su inesperada muerte tras caer desde el balc\u00f3n de su apartamento, ubicado en un noveno piso, ha dejado muchas preguntas sin respuesta y ha dado lugar a una avalancha de especulaciones. Mientras algunos creen que se trat\u00f3 de un tr\u00e1gico suicidio, otros sugieren la posibilidad de un asesinato. Este art\u00edculo analiza la vida de Frank Su\u00e1rez, los eventos que rodearon su muerte y las teor\u00edas que se han propuesto.<\/p>\n\n\n\n<figure class=\"wp-block-image size-large\"><img loading=\"lazy\" decoding=\"async\" width=\"1024\" height=\"576\" src=\"https:\/\/zidrave.net\/wp-content\/uploads\/2024\/09\/image-32-1024x576.png\" alt=\"\" class=\"wp-image-2349\" srcset=\"https:\/\/zidrave.net\/wp-content\/uploads\/2024\/09\/image-32-1024x576.png 1024w, https:\/\/zidrave.net\/wp-content\/uploads\/2024\/09\/image-32-300x169.png 300w, https:\/\/zidrave.net\/wp-content\/uploads\/2024\/09\/image-32-768x432.png 768w, https:\/\/zidrave.net\/wp-content\/uploads\/2024\/09\/image-32-1536x864.png 1536w, https:\/\/zidrave.net\/wp-content\/uploads\/2024\/09\/image-32.png 1920w\" sizes=\"auto, (max-width: 1024px) 100vw, 1024px\" \/><\/figure>\n\n\n\n<h3 class=\"wp-block-heading\">\u00bfQui\u00e9n era Frank Su\u00e1rez?<\/h3>\n\n\n\n<p>Frank Su\u00e1rez fue un experto en sobrepeso y metabolismo que alcanz\u00f3 notoriedad gracias a su enfoque cient\u00edfico y pr\u00e1ctico para abordar problemas relacionados con la obesidad, el metabolismo y la salud en general. Su libro m\u00e1s conocido, <strong>\u00abEl Poder del Metabolismo\u00bb<\/strong>, es considerado una obra de referencia para quienes luchan con problemas de peso y enfermedades metab\u00f3licas. A lo largo de su carrera, fund\u00f3 centros y programas dedicados a la educaci\u00f3n en salud, promoviendo un estilo de vida equilibrado y saludable.<\/p>\n\n\n\n<p>Con millones de seguidores en redes sociales y su canal de YouTube, donde ofrec\u00eda consejos sobre c\u00f3mo mejorar la salud a trav\u00e9s de la alimentaci\u00f3n y el control del metabolismo, Su\u00e1rez se convirti\u00f3 en una figura muy influyente. Su m\u00e9todo ayud\u00f3 a numerosas personas a transformar sus vidas, lo que gener\u00f3 un gran respeto y admiraci\u00f3n entre sus seguidores.<\/p>\n\n\n\n<h3 class=\"wp-block-heading\">La tragedia: su muerte inesperada<\/h3>\n\n\n\n<p>El 25 de febrero de 2021, la noticia de la muerte de Frank Su\u00e1rez conmocion\u00f3 al mundo. Seg\u00fan informes iniciales, Su\u00e1rez cay\u00f3 desde el balc\u00f3n de su apartamento en San Juan, Puerto Rico, ubicado en el noveno piso de un edificio residencial. Las circunstancias de su muerte no fueron claras desde el principio, lo que provoc\u00f3 diversas reacciones y teor\u00edas en torno a lo sucedido.<\/p>\n\n\n\n<p>En un primer momento, muchos consideraron que se trataba de un tr\u00e1gico accidente, mientras que otros r\u00e1pidamente sugirieron la posibilidad de un suicidio. Sin embargo, la falta de detalles y el perfil p\u00fablico de Su\u00e1rez generaron especulaciones sobre la posible intervenci\u00f3n de terceros en su fallecimiento.<\/p>\n\n\n\n<h3 class=\"wp-block-heading\">La teor\u00eda del suicidio<\/h3>\n\n\n\n<p>Una de las primeras hip\u00f3tesis que surgi\u00f3 tras la muerte de Frank Su\u00e1rez fue la del suicidio. Algunos se\u00f1alaron que, aunque era un personaje p\u00fablico con un enfoque en la salud y el bienestar, Su\u00e1rez podr\u00eda haber estado lidiando con problemas personales o de salud mental. La presi\u00f3n de ser una figura p\u00fablica, combinada con posibles conflictos privados, podr\u00eda haberlo llevado a tomar la decisi\u00f3n de acabar con su vida.<\/p>\n\n\n\n<p>Sin embargo, aquellos que conocieron de cerca a Frank Su\u00e1rez, incluidos familiares y amigos, han afirmado que no exist\u00edan indicios previos de depresi\u00f3n o angustia emocional. De hecho, Su\u00e1rez continuaba con sus proyectos profesionales y personales, demostrando entusiasmo por futuros planes. Sus seguidores, quienes lo ve\u00edan como una fuente de motivaci\u00f3n y esperanza, tambi\u00e9n expresaron incredulidad ante la idea de que el autor y conferencista pudiera haberse quitado la vida.<\/p>\n\n\n\n<h3 class=\"wp-block-heading\">La posibilidad de un asesinato<\/h3>\n\n\n\n<p>Otra de las teor\u00edas que surgi\u00f3 tras el fallecimiento de Frank Su\u00e1rez es la del asesinato. Esta especulaci\u00f3n gan\u00f3 fuerza debido a las circunstancias ambiguas que rodearon su muerte. Para algunos, el hecho de que una figura tan influyente y respetada cayera desde un noveno piso planteaba dudas sobre si podr\u00eda haber sido empujado o forzado a caer.<\/p>\n\n\n\n<p>Los defensores de esta teor\u00eda se\u00f1alan que Su\u00e1rez podr\u00eda haber tenido enemigos debido a su \u00e9xito y popularidad. Aunque no era un personaje controvertido en los medios, su creciente influencia en el campo de la salud y el bienestar podr\u00eda haber incomodado a ciertas personas o entidades. Adem\u00e1s, el hecho de que Su\u00e1rez tocara temas como la salud metab\u00f3lica y el control de peso, \u00e1reas con grandes intereses comerciales, ha llevado a algunos a sugerir que su muerte podr\u00eda estar relacionada con motivos econ\u00f3micos o de rivalidad.<\/p>\n\n\n\n<p>A pesar de estas especulaciones, hasta la fecha no se ha presentado evidencia concreta que respalde la teor\u00eda de un asesinato. Las autoridades han mantenido sus investigaciones dentro de las posibilidades de un accidente o suicidio, sin descartar del todo otras hip\u00f3tesis.<\/p>\n\n\n\n<h3 class=\"wp-block-heading\">El impacto en sus seguidores<\/h3>\n\n\n\n<p>La muerte de Frank Su\u00e1rez dej\u00f3 un vac\u00edo en la comunidad de personas que segu\u00edan sus ense\u00f1anzas y consejos sobre la salud metab\u00f3lica. Muchos de sus seguidores se sintieron profundamente afectados por su p\u00e9rdida, describi\u00e9ndolo como una figura inspiradora que les hab\u00eda ayudado a cambiar sus vidas. En las redes sociales, miles de personas compartieron mensajes de condolencias y agradecimiento, destacando la influencia positiva que Su\u00e1rez tuvo en sus vidas.<\/p>\n\n\n\n<p>Adem\u00e1s, su muerte tambi\u00e9n dej\u00f3 un sentimiento de desconcierto y preocupaci\u00f3n entre aquellos que segu\u00edan sus m\u00e9todos. La falta de claridad en torno a las circunstancias de su fallecimiento gener\u00f3 incertidumbre y miedo entre algunos de sus seguidores, quienes esperaban una resoluci\u00f3n definitiva por parte de las autoridades.<\/p>\n\n\n\n<h3 class=\"wp-block-heading\">Las autoridades y la investigaci\u00f3n<\/h3>\n\n\n\n<p>Las autoridades puertorrique\u00f1as han sido cautelosas a la hora de brindar detalles sobre la investigaci\u00f3n de la muerte de Frank Su\u00e1rez. En un principio, se barajaron varias posibilidades, desde un accidente hasta un suicidio, pero hasta el momento no se ha ofrecido una conclusi\u00f3n definitiva.<\/p>\n\n\n\n<p>A medida que avanzaba la investigaci\u00f3n, las autoridades han tomado declaraciones de testigos y han examinado la escena del incidente para determinar si hubo alg\u00fan indicio de juego sucio o si Su\u00e1rez pudo haber ca\u00eddo accidentalmente. Aunque las autoridades no han descartado completamente ninguna teor\u00eda, no han surgido pruebas contundentes que indiquen que la muerte de Su\u00e1rez fuera el resultado de un acto criminal.<\/p>\n\n\n\n<h3 class=\"wp-block-heading\">\u00bfQu\u00e9 nos deja el legado de Frank Su\u00e1rez?<\/h3>\n\n\n\n<p>Independientemente de las circunstancias exactas de su fallecimiento, el legado de Frank Su\u00e1rez sigue vivo a trav\u00e9s de su trabajo. Sus libros, videos y ense\u00f1anzas contin\u00faan siendo consultados por miles de personas que buscan mejorar su salud y bienestar. El impacto de Su\u00e1rez en la vida de sus seguidores es innegable, y su m\u00e9todo sobre el control del metabolismo y la p\u00e9rdida de peso ha dejado una huella duradera en la industria del bienestar.<\/p>\n\n\n\n<p>En \u00faltima instancia, la vida de Frank Su\u00e1rez fue un testimonio de su compromiso con la salud y el bienestar de las personas. A trav\u00e9s de su trabajo, Su\u00e1rez ayud\u00f3 a desmitificar conceptos complejos sobre el metabolismo y a empoderar a las personas para que tomaran el control de su salud. Aunque su muerte sigue siendo un misterio, su contribuci\u00f3n a la mejora de la vida de sus seguidores es su verdadero legado.<\/p>\n\n\n\n<h3 class=\"wp-block-heading\">Conclusi\u00f3n<\/h3>\n\n\n\n<p>La muerte de Frank Su\u00e1rez ha dejado un vac\u00edo dif\u00edcil de llenar en el mundo del bienestar y la salud. Mientras sus seguidores buscan respuestas sobre lo que realmente sucedi\u00f3, su influencia perdura a trav\u00e9s de su trabajo. La comunidad de personas que ha transformado sus vidas gracias a sus m\u00e9todos contin\u00faa celebrando su legado, manteniendo vivo su mensaje de bienestar integral.<\/p>\n\n\n\n<p>A medida que las autoridades contin\u00faan investigando los detalles de su muerte, queda claro que Frank Su\u00e1rez dej\u00f3 un impacto profundo no solo en la industria del bienestar, sino en las vidas de muchas personas que encontraron en \u00e9l una gu\u00eda para mejorar su salud f\u00edsica y emocional. Ya sea que su muerte haya sido un accidente, un suicidio o un asesinato, la verdadera medida de su vida radica en el impacto positivo que dej\u00f3 en el mundo.<\/p>\n","protected":false},"excerpt":{"rendered":"<p>Frank Su\u00e1rez, reconocido especialista en sobrepeso y metabolismo, dej\u00f3 un<\/p>\n","protected":false},"author":1,"featured_media":0,"comment_status":"open","ping_status":"open","sticky":false,"template":"","format":"standard","meta":{"ngg_post_thumbnail":0,"footnotes":""},"categories":[2380,3423],"tags":[5623,5618,2171,5624,2201,330,5625,3495,5619,220,1677,402,5622,5626,5627,5621,2164,312,5620,416,5628],"class_list":["post-2348","post","type-post","status-publish","format-standard","hentry","category-noticias","category-sociedad","tag-accidente","tag-asesinato","tag-autoridades","tag-balcon","tag-bienestar","tag-caida","tag-el-poder-del-metabolismo","tag-especulacion","tag-frank-suarez","tag-influencia","tag-investigacion","tag-legado","tag-metabolismo","tag-muerte","tag-noveno-piso","tag-puerto-rico","tag-salud","tag-seguidores","tag-sobrepeso","tag-suicidio","tag-teoria-conspirativa"],"_links":{"self":[{"href":"https:\/\/zidrave.net\/index.php\/wp-json\/wp\/v2\/posts\/2348","targetHints":{"allow":["GET"]}}],"collection":[{"href":"https:\/\/zidrave.net\/index.php\/wp-json\/wp\/v2\/posts"}],"about":[{"href":"https:\/\/zidrave.net\/index.php\/wp-json\/wp\/v2\/types\/post"}],"author":[{"embeddable":true,"href":"https:\/\/zidrave.net\/index.php\/wp-json\/wp\/v2\/users\/1"}],"replies":[{"embeddable":true,"href":"https:\/\/zidrave.net\/index.php\/wp-json\/wp\/v2\/comments?post=2348"}],"version-history":[{"count":1,"href":"https:\/\/zidrave.net\/index.php\/wp-json\/wp\/v2\/posts\/2348\/revisions"}],"predecessor-version":[{"id":2350,"href":"https:\/\/zidrave.net\/index.php\/wp-json\/wp\/v2\/posts\/2348\/revisions\/2350"}],"wp:attachment":[{"href":"https:\/\/zidrave.net\/index.php\/wp-json\/wp\/v2\/media?parent=2348"}],"wp:term":[{"taxonomy":"category","embeddable":true,"href":"https:\/\/zidrave.net\/index.php\/wp-json\/wp\/v2\/categories?post=2348"},{"taxonomy":"post_tag","embeddable":true,"href":"https:\/\/zidrave.net\/index.php\/wp-json\/wp\/v2\/tags?post=2348"}],"curies":[{"name":"wp","href":"https:\/\/api.w.org\/{rel}","templated":true}]}}