{"id":1741,"date":"2024-08-13T22:17:14","date_gmt":"2024-08-14T03:17:14","guid":{"rendered":"https:\/\/zidrave.net\/?p=1741"},"modified":"2024-08-13T22:17:14","modified_gmt":"2024-08-14T03:17:14","slug":"europa-contra-x-la-batalla-por-la-privacidad-en-la-era-de-la-ia","status":"publish","type":"post","link":"https:\/\/zidrave.net\/index.php\/2024\/08\/13\/europa-contra-x-la-batalla-por-la-privacidad-en-la-era-de-la-ia\/","title":{"rendered":"Europa Contra X: La Batalla por la Privacidad en la Era de la IA"},"content":{"rendered":"\n<p>Espa\u00f1a y otros ocho pa\u00edses europeos han presentado denuncias formales contra la compa\u00f1\u00eda X por presuntas violaciones de privacidad en el entrenamiento de su inteligencia artificial (IA). Estos pa\u00edses argumentan que la empresa ha utilizado datos privados sin el consentimiento expl\u00edcito de los usuarios, lo que podr\u00eda constituir una grave violaci\u00f3n de las leyes de protecci\u00f3n de datos en la Uni\u00f3n Europea.<\/p>\n\n\n\n<figure class=\"wp-block-image aligncenter size-large\"><img loading=\"lazy\" decoding=\"async\" width=\"1024\" height=\"572\" src=\"https:\/\/zidrave.net\/wp-content\/uploads\/2024\/08\/image-142-1024x572.png\" alt=\"\" class=\"wp-image-1743\" srcset=\"https:\/\/zidrave.net\/wp-content\/uploads\/2024\/08\/image-142-1024x572.png 1024w, https:\/\/zidrave.net\/wp-content\/uploads\/2024\/08\/image-142-300x168.png 300w, https:\/\/zidrave.net\/wp-content\/uploads\/2024\/08\/image-142-768x429.png 768w, https:\/\/zidrave.net\/wp-content\/uploads\/2024\/08\/image-142-1536x858.png 1536w, https:\/\/zidrave.net\/wp-content\/uploads\/2024\/08\/image-142-2048x1143.png 2048w\" sizes=\"auto, (max-width: 1024px) 100vw, 1024px\" \/><\/figure>\n\n\n\n<h3 class=\"wp-block-heading\">Contexto del Caso<\/h3>\n\n\n\n<p>La IA de X ha sido una de las m\u00e1s avanzadas en el mercado, capaz de realizar tareas complejas como procesamiento de lenguaje natural, an\u00e1lisis predictivo y generaci\u00f3n de contenido. Sin embargo, la forma en que X ha entrenado su IA ha suscitado preocupaciones. Seg\u00fan las denuncias, X habr\u00eda recopilado y utilizado datos personales de millones de usuarios europeos sin cumplir con los estrictos requisitos de la normativa General de Protecci\u00f3n de Datos (GDPR, por sus siglas en ingl\u00e9s).<\/p>\n\n\n\n<p>El GDPR establece que cualquier procesamiento de datos personales debe contar con el consentimiento informado de los usuarios o debe estar amparado por una base legal v\u00e1lida. Las autoridades de protecci\u00f3n de datos en Espa\u00f1a y otros pa\u00edses involucrados creen que X no ha cumplido con estas normativas al entrenar su IA, lo que podr\u00eda derivar en sanciones severas.<\/p>\n\n\n\n<h3 class=\"wp-block-heading\">Repercusiones Legales y Econ\u00f3micas<\/h3>\n\n\n\n<p>Si se comprueba que X ha infringido el GDPR, podr\u00eda enfrentarse a multas significativas, que pueden llegar hasta el 4% de su facturaci\u00f3n global anual. Adem\u00e1s de las sanciones financieras, X tambi\u00e9n podr\u00eda verse obligada a revisar y modificar sus pr\u00e1cticas de recopilaci\u00f3n de datos, lo que podr\u00eda ralentizar el desarrollo y la implementaci\u00f3n de su IA.<\/p>\n\n\n\n<p>Este caso tambi\u00e9n podr\u00eda tener implicaciones m\u00e1s amplias para la industria de la inteligencia artificial en Europa. Los gobiernos y organismos reguladores podr\u00edan adoptar una postura m\u00e1s estricta respecto al uso de datos privados en el entrenamiento de IA, lo que podr\u00eda cambiar el panorama competitivo para las empresas tecnol\u00f3gicas que operan en el continente.<\/p>\n\n\n\n<h3 class=\"wp-block-heading\">Reacciones de la Empresa y del P\u00fablico<\/h3>\n\n\n\n<p>X ha respondido a las denuncias afirmando que ha cumplido con todas las regulaciones pertinentes y que su IA ha sido entrenada utilizando datos anonimizados o con el consentimiento de los usuarios. La empresa ha declarado que cooperar\u00e1 plenamente con las investigaciones y que est\u00e1 dispuesta a realizar ajustes en sus pr\u00e1cticas si es necesario.<\/p>\n\n\n\n<p>Sin embargo, la opini\u00f3n p\u00fablica ha sido mixta. Algunos usuarios expresan preocupaci\u00f3n por la posible invasi\u00f3n de su privacidad, mientras que otros apoyan a X, argumentando que la innovaci\u00f3n tecnol\u00f3gica requiere cierto grado de flexibilidad en la gesti\u00f3n de datos.<\/p>\n\n\n\n<h3 class=\"wp-block-heading\">Implicaciones para el Futuro de la IA en Europa<\/h3>\n\n\n\n<p>Este conflicto entre X y los pa\u00edses europeos subraya las tensiones crecientes entre la necesidad de innovar en el campo de la inteligencia artificial y la protecci\u00f3n de los derechos de los usuarios. Mientras que las empresas tecnol\u00f3gicas buscan avanzar r\u00e1pidamente en el desarrollo de IA, los gobiernos y reguladores europeos est\u00e1n cada vez m\u00e1s enfocados en garantizar que estos avances no se realicen a expensas de la privacidad y los derechos fundamentales de los ciudadanos.<\/p>\n\n\n\n<p>El resultado de estas denuncias podr\u00eda sentar un precedente crucial para futuras disputas legales en torno a la IA y la protecci\u00f3n de datos. Si X es hallada culpable, otras empresas podr\u00edan enfrentarse a un escrutinio m\u00e1s riguroso, lo que podr\u00eda frenar temporalmente el desarrollo de nuevas tecnolog\u00edas en Europa.<\/p>\n\n\n\n<p>Por otro lado, si X logra demostrar que ha actuado dentro de los m\u00e1rgenes legales, podr\u00eda fortalecerse su posici\u00f3n en el mercado, y las normativas sobre el uso de datos en IA podr\u00edan flexibilizarse, permitiendo un desarrollo m\u00e1s r\u00e1pido de estas tecnolog\u00edas.<\/p>\n\n\n\n<h3 class=\"wp-block-heading\">Conclusi\u00f3n<\/h3>\n\n\n\n<p>El enfrentamiento entre X y varios pa\u00edses europeos es un recordatorio de que el avance tecnol\u00f3gico debe equilibrarse cuidadosamente con la protecci\u00f3n de los derechos de los usuarios. A medida que la inteligencia artificial contin\u00faa evolucionando, es probable que veamos m\u00e1s casos como este, donde la innovaci\u00f3n choca con las normativas de privacidad. La forma en que Europa maneje este caso podr\u00eda tener un impacto duradero en la direcci\u00f3n futura de la IA a nivel global.<\/p>\n","protected":false},"excerpt":{"rendered":"<p>Espa\u00f1a y otros ocho pa\u00edses europeos han presentado denuncias formales<\/p>\n","protected":false},"author":1,"featured_media":0,"comment_status":"open","ping_status":"open","sticky":false,"template":"","format":"standard","meta":{"ngg_post_thumbnail":0,"footnotes":""},"categories":[2411,2380],"tags":[1066,3719,3718,3715,2186,2726,3446,146,3716,208,2321,2930,218,790,2282,3717],"class_list":["post-1741","post","type-post","status-publish","format-standard","hentry","category-inteligencia-artificial","category-noticias","tag-cumplimiento-normativo","tag-datos-privados","tag-denuncias","tag-entrenamiento-de-ia","tag-espana","tag-europa","tag-gdpr","tag-ia","tag-innovaciones-tecnologicas","tag-inteligencia-artificial","tag-multas","tag-opinion-publica","tag-privacidad","tag-proteccion-de-datos","tag-sanciones","tag-x"],"_links":{"self":[{"href":"https:\/\/zidrave.net\/index.php\/wp-json\/wp\/v2\/posts\/1741","targetHints":{"allow":["GET"]}}],"collection":[{"href":"https:\/\/zidrave.net\/index.php\/wp-json\/wp\/v2\/posts"}],"about":[{"href":"https:\/\/zidrave.net\/index.php\/wp-json\/wp\/v2\/types\/post"}],"author":[{"embeddable":true,"href":"https:\/\/zidrave.net\/index.php\/wp-json\/wp\/v2\/users\/1"}],"replies":[{"embeddable":true,"href":"https:\/\/zidrave.net\/index.php\/wp-json\/wp\/v2\/comments?post=1741"}],"version-history":[{"count":1,"href":"https:\/\/zidrave.net\/index.php\/wp-json\/wp\/v2\/posts\/1741\/revisions"}],"predecessor-version":[{"id":1744,"href":"https:\/\/zidrave.net\/index.php\/wp-json\/wp\/v2\/posts\/1741\/revisions\/1744"}],"wp:attachment":[{"href":"https:\/\/zidrave.net\/index.php\/wp-json\/wp\/v2\/media?parent=1741"}],"wp:term":[{"taxonomy":"category","embeddable":true,"href":"https:\/\/zidrave.net\/index.php\/wp-json\/wp\/v2\/categories?post=1741"},{"taxonomy":"post_tag","embeddable":true,"href":"https:\/\/zidrave.net\/index.php\/wp-json\/wp\/v2\/tags?post=1741"}],"curies":[{"name":"wp","href":"https:\/\/api.w.org\/{rel}","templated":true}]}}